{"id":9382,"date":"2026-03-11T21:36:26","date_gmt":"2026-03-11T20:36:26","guid":{"rendered":"https:\/\/www.klubduchodcukh.cz\/?p=9382"},"modified":"2026-03-17T08:03:08","modified_gmt":"2026-03-17T07:03:08","slug":"prohlidka-gotickych-sklepu-v-sultysove-ulici","status":"publish","type":"post","link":"https:\/\/www.klubduchodcukh.cz\/?p=9382","title":{"rendered":"Prohl\u00eddka gotick\u00fdch sklep\u016f v \u0160ultysov\u011b ulici  dne 23. dubna 2026"},"content":{"rendered":"\n<p>Pouze jedna (p\u016fvodn\u011b byly navr\u017eeny 2 term\u00edny) prohl\u00eddka gotick\u00fdch sklep\u016f se bude konat v \u0160ultysov\u011b ulici 153, dne<strong> 23. dubna 2026<\/strong> od 16.00 hodin. Sraz bude u morov\u00e9ho sloupu. Na prohl\u00eddku je nutn\u00e9 se p\u0159edem p\u0159ihl\u00e1sit u pan\u00ed Balkov\u00e9. Na jednu prohl\u00eddku m\u016f\u017ee j\u00edt pouze 20 lid\u00ed.<\/p>\n\n\n\n<p>Prohl\u00eddka s v\u00fdkladem se kon\u00e1 v r\u00e1mci cyklu Historie \u2013 u\u010ditelka \u017eivota, kter\u00fd po\u0159\u00e1d\u00e1 klub rod\u00e1k\u016f. V r\u00e1mci tohoto cyklu nav\u0161t\u011bvujeme tak\u00e9 historick\u00e9 objekty navr\u00e1cen\u00e9 \u017eivotu.<\/p>\n\n\n\n<figure class=\"wp-block-image size-full\"><a href=\"https:\/\/www.klubduchodcukh.cz\/wp-content\/uploads\/2026\/03\/image-1.png\"><img loading=\"lazy\" decoding=\"async\" width=\"904\" height=\"702\" src=\"https:\/\/www.klubduchodcukh.cz\/wp-content\/uploads\/2026\/03\/image-1.png\" alt=\"\" class=\"wp-image-9384\" srcset=\"https:\/\/www.klubduchodcukh.cz\/wp-content\/uploads\/2026\/03\/image-1.png 904w, https:\/\/www.klubduchodcukh.cz\/wp-content\/uploads\/2026\/03\/image-1-300x233.png 300w, https:\/\/www.klubduchodcukh.cz\/wp-content\/uploads\/2026\/03\/image-1-768x596.png 768w\" sizes=\"auto, (max-width: 904px) 100vw, 904px\" \/><\/a><\/figure>\n","protected":false},"excerpt":{"rendered":"<p>Pouze jedna (p\u016fvodn\u011b byly navr\u017eeny 2 term\u00edny) prohl\u00eddka gotick\u00fdch sklep\u016f se bude konat v \u0160ultysov\u011b ulici 153, dne 23. dubna 2026 od 16.00 hodin. Sraz bude u morov\u00e9ho sloupu. Na prohl\u00eddku je nutn\u00e9 se p\u0159edem p\u0159ihl\u00e1sit u pan\u00ed Balkov\u00e9. Na <a class=\"more-link\" href=\"https:\/\/www.klubduchodcukh.cz\/?p=9382\">Cel\u00fd \u010dl\u00e1nek  <span class=\"screen-reader-text\">  Prohl\u00eddka gotick\u00fdch sklep\u016f v \u0160ultysov\u011b ulici  dne 23. dubna 2026<\/span><span class=\"meta-nav\">&rarr;<\/span><\/a><\/p>\n","protected":false},"author":1,"featured_media":0,"comment_status":"open","ping_status":"open","sticky":true,"template":"","format":"standard","meta":{"footnotes":""},"categories":[28,22],"tags":[],"class_list":["post-9382","post","type-post","status-publish","format-standard","hentry","category-akce-klubu","category-vylety"],"_links":{"self":[{"href":"https:\/\/www.klubduchodcukh.cz\/index.php?rest_route=\/wp\/v2\/posts\/9382","targetHints":{"allow":["GET"]}}],"collection":[{"href":"https:\/\/www.klubduchodcukh.cz\/index.php?rest_route=\/wp\/v2\/posts"}],"about":[{"href":"https:\/\/www.klubduchodcukh.cz\/index.php?rest_route=\/wp\/v2\/types\/post"}],"author":[{"embeddable":true,"href":"https:\/\/www.klubduchodcukh.cz\/index.php?rest_route=\/wp\/v2\/users\/1"}],"replies":[{"embeddable":true,"href":"https:\/\/www.klubduchodcukh.cz\/index.php?rest_route=%2Fwp%2Fv2%2Fcomments&post=9382"}],"version-history":[{"count":3,"href":"https:\/\/www.klubduchodcukh.cz\/index.php?rest_route=\/wp\/v2\/posts\/9382\/revisions"}],"predecessor-version":[{"id":9389,"href":"https:\/\/www.klubduchodcukh.cz\/index.php?rest_route=\/wp\/v2\/posts\/9382\/revisions\/9389"}],"wp:attachment":[{"href":"https:\/\/www.klubduchodcukh.cz\/index.php?rest_route=%2Fwp%2Fv2%2Fmedia&parent=9382"}],"wp:term":[{"taxonomy":"category","embeddable":true,"href":"https:\/\/www.klubduchodcukh.cz\/index.php?rest_route=%2Fwp%2Fv2%2Fcategories&post=9382"},{"taxonomy":"post_tag","embeddable":true,"href":"https:\/\/www.klubduchodcukh.cz\/index.php?rest_route=%2Fwp%2Fv2%2Ftags&post=9382"}],"curies":[{"name":"wp","href":"https:\/\/api.w.org\/{rel}","templated":true}]}}