{"id":9241,"date":"2025-12-15T10:22:11","date_gmt":"2025-12-15T09:22:11","guid":{"rendered":"https:\/\/www.klubduchodcukh.cz\/?p=9241"},"modified":"2025-12-15T10:22:12","modified_gmt":"2025-12-15T09:22:12","slug":"pf2026","status":"publish","type":"post","link":"https:\/\/www.klubduchodcukh.cz\/?p=9241","title":{"rendered":"PF2026"},"content":{"rendered":"\n<p>Kr\u00e1sn\u00e9 V\u00e1noce pln\u00e9 pohody, hodn\u011b l\u00e1sky a n\u011bhy. P\u0159ejeme V\u00e1m klidn\u00e9 dny, a a\u0165 pln\u00ed se Va\u0161e sny, nejen o v\u00e1noc\u00edch. A\u0165 nov\u00fd rok p\u0159inese zdrav\u00ed, \u0161t\u011bst\u00ed a spoustu \u00fasm\u011bv\u016f! A\u0165 je ka\u017ed\u00fd den mal\u00fdm z\u00e1zrakem a ka\u017ed\u00fd okam\u017eik pln\u00fd radosti a sm\u00edchu. Do nov\u00e9ho roku V\u00e1m p\u0159ejeme jen to nejlep\u0161\u00ed \u2013 l\u00e1sku, \u0161t\u011bst\u00ed a spoustu z\u00e1bavy v\u00a0klubu.<\/p>\n\n\n\n<figure class=\"wp-block-image size-large\"><a href=\"https:\/\/www.klubduchodcukh.cz\/wp-content\/uploads\/2025\/12\/image.png\"><img loading=\"lazy\" decoding=\"async\" width=\"1024\" height=\"688\" src=\"https:\/\/www.klubduchodcukh.cz\/wp-content\/uploads\/2025\/12\/image-1024x688.png\" alt=\"\" class=\"wp-image-9242\" srcset=\"https:\/\/www.klubduchodcukh.cz\/wp-content\/uploads\/2025\/12\/image-1024x688.png 1024w, https:\/\/www.klubduchodcukh.cz\/wp-content\/uploads\/2025\/12\/image-300x202.png 300w, https:\/\/www.klubduchodcukh.cz\/wp-content\/uploads\/2025\/12\/image-768x516.png 768w, https:\/\/www.klubduchodcukh.cz\/wp-content\/uploads\/2025\/12\/image.png 1135w\" sizes=\"auto, (max-width: 1024px) 100vw, 1024px\" \/><\/a><\/figure>\n\n\n\n<p><\/p>\n","protected":false},"excerpt":{"rendered":"<p>Kr\u00e1sn\u00e9 V\u00e1noce pln\u00e9 pohody, hodn\u011b l\u00e1sky a n\u011bhy. P\u0159ejeme V\u00e1m klidn\u00e9 dny, a a\u0165 pln\u00ed se Va\u0161e sny, nejen o v\u00e1noc\u00edch. A\u0165 nov\u00fd rok p\u0159inese zdrav\u00ed, \u0161t\u011bst\u00ed a spoustu \u00fasm\u011bv\u016f! A\u0165 je ka\u017ed\u00fd den mal\u00fdm z\u00e1zrakem a ka\u017ed\u00fd okam\u017eik pln\u00fd <a class=\"more-link\" href=\"https:\/\/www.klubduchodcukh.cz\/?p=9241\">Cel\u00fd \u010dl\u00e1nek  <span class=\"screen-reader-text\">  PF2026<\/span><span class=\"meta-nav\">&rarr;<\/span><\/a><\/p>\n","protected":false},"author":1,"featured_media":0,"comment_status":"open","ping_status":"open","sticky":false,"template":"","format":"standard","meta":{"footnotes":""},"categories":[23,25],"tags":[],"class_list":["post-9241","post","type-post","status-publish","format-standard","hentry","category-fotogalerie","category-oznameni"],"_links":{"self":[{"href":"https:\/\/www.klubduchodcukh.cz\/index.php?rest_route=\/wp\/v2\/posts\/9241","targetHints":{"allow":["GET"]}}],"collection":[{"href":"https:\/\/www.klubduchodcukh.cz\/index.php?rest_route=\/wp\/v2\/posts"}],"about":[{"href":"https:\/\/www.klubduchodcukh.cz\/index.php?rest_route=\/wp\/v2\/types\/post"}],"author":[{"embeddable":true,"href":"https:\/\/www.klubduchodcukh.cz\/index.php?rest_route=\/wp\/v2\/users\/1"}],"replies":[{"embeddable":true,"href":"https:\/\/www.klubduchodcukh.cz\/index.php?rest_route=%2Fwp%2Fv2%2Fcomments&post=9241"}],"version-history":[{"count":1,"href":"https:\/\/www.klubduchodcukh.cz\/index.php?rest_route=\/wp\/v2\/posts\/9241\/revisions"}],"predecessor-version":[{"id":9243,"href":"https:\/\/www.klubduchodcukh.cz\/index.php?rest_route=\/wp\/v2\/posts\/9241\/revisions\/9243"}],"wp:attachment":[{"href":"https:\/\/www.klubduchodcukh.cz\/index.php?rest_route=%2Fwp%2Fv2%2Fmedia&parent=9241"}],"wp:term":[{"taxonomy":"category","embeddable":true,"href":"https:\/\/www.klubduchodcukh.cz\/index.php?rest_route=%2Fwp%2Fv2%2Fcategories&post=9241"},{"taxonomy":"post_tag","embeddable":true,"href":"https:\/\/www.klubduchodcukh.cz\/index.php?rest_route=%2Fwp%2Fv2%2Ftags&post=9241"}],"curies":[{"name":"wp","href":"https:\/\/api.w.org\/{rel}","templated":true}]}}