{"id":7698,"date":"2023-08-12T08:50:35","date_gmt":"2023-08-12T07:50:35","guid":{"rendered":"http:\/\/www.klubduchodcukh.cz\/?p=7698"},"modified":"2023-08-12T08:50:36","modified_gmt":"2023-08-12T07:50:36","slug":"pozvanka-na-koncert-americke-kapely-czech-and-then-some-a-pardubicke-muziky-v-kutne-hore-dne-14-zari-2023","status":"publish","type":"post","link":"https:\/\/www.klubduchodcukh.cz\/?p=7698","title":{"rendered":"Pozv\u00e1nka na koncert americk\u00e9 kapely Czech and Then Some a Pardubick\u00e9 muziky v\u00a0Kutn\u00e9 Ho\u0159e dne 14. z\u00e1\u0159\u00ed 2023"},"content":{"rendered":"\n<p>Dobr\u00fd den, dovoluji si V\u00e1m zaslat tiskovou zpr\u00e1vu a plak\u00e1t ke koncertu americk\u00e9 kapely Czech and Then Some a Pardubick\u00e9 muziky v\u00a0Kutn\u00e9 Ho\u0159e dne 14. z\u00e1\u0159\u00ed 2023.<\/p>\n\n\n\n<p><a href=\"https:\/\/www.pardubickykraj.cz\/aktuality\/121471\/zpatky-ke-korenum-v-kraji-zahraji-potomci-ceskych-emigrantu-z-americkeho-texasu?pg=2\">https:\/\/www.pardubickykraj.cz\/aktuality\/121471\/zpatky-ke-korenum-v-kraji-zahraji-potomci-ceskych-emigrantu-z-americkeho-texasu?pg=2<\/a><\/p>\n\n\n\n<p>Budu velmi r\u00e1d za roz\u0161\u00ed\u0159en\u00ed t\u00e9to informace. S pozdravem <strong>Mgr. Dominik Bart\u00e1k<\/strong> tiskov\u00fd mluv\u010d\u00ed\u00a0Pardubick\u00e9ho kraje, vedouc\u00ed odd\u011blen\u00ed komunikace a sekretari\u00e1tu hejtmana  <\/p>\n\n\n\n<p> <\/p>\n\n\n\n<figure class=\"wp-block-image size-large\"><a href=\"https:\/\/www.klubduchodcukh.cz\/wp-content\/uploads\/2023\/08\/pozvanka-na-koncert-Pardbice.pdf\"><img loading=\"lazy\" decoding=\"async\" width=\"791\" height=\"1024\" src=\"https:\/\/www.klubduchodcukh.cz\/wp-content\/uploads\/2023\/08\/pozvanka-na-koncert-Pardbice-pdf-791x1024.jpg\" alt=\"\" class=\"wp-image-7699\"\/><\/a><\/figure>\n\n\n\n<p><strong>Zp\u00e1tky ke ko\u0159en\u016fm. V kraji zahraj\u00ed potomci \u010desk\u00fdch emigrant\u016f z americk\u00e9ho Texasu<\/strong><\/p>\n\n\n\n<p><strong>Od 14. do 17. z\u00e1\u0159\u00ed se mohou milovn\u00edci nejen dechovky t\u011b\u0161it na mimo\u0159\u00e1dn\u00fd z\u00e1\u017eitek, kter\u00fd na t\u0159ech m\u00edstech v&nbsp;Pardubick\u00e9m a jednom m\u00edst\u011b ve St\u0159edo\u010desk\u00e9m kraji obstar\u00e1 origin\u00e1ln\u00ed americk\u00e1 polkov\u00e1 kapela s&nbsp;n\u00e1zvem Czech and Then Some. Jak ji\u017e n\u00e1zev napov\u00edd\u00e1, jedn\u00e1 se o sestavu slo\u017eenou z&nbsp;potomk\u016f \u010desk\u00fdch p\u0159ist\u011bhovalc\u016f do americk\u00e9ho Texasu, kte\u0159\u00ed do Nov\u00e9ho sv\u011bta zam\u00ed\u0159ili p\u0159edev\u0161\u00edm v&nbsp;pr\u016fb\u011bhu druh\u00e9 poloviny 19. stolet\u00ed. Muzikanti se spole\u010dn\u011b se studenty Konzervato\u0159e Pardubice p\u0159edstav\u00ed v&nbsp;Kutn\u00e9 Ho\u0159e, Doln\u00ed \u010cermn\u00e9, P\u0159elou\u010di a Pardubic\u00edch. Vstupn\u00e9 na v\u0161echny koncerty je zdarma.<\/strong><\/p>\n\n\n\n<p>\u201eV americk\u00e9m Texasu je cel\u00e1 \u0159ada m\u011bst, kter\u00e1 se hrd\u011b hl\u00e1s\u00ed k&nbsp;tomu, \u017ee byla formov\u00e1na p\u0159ist\u011bhovalci z&nbsp;\u010desk\u00fdch zem\u00ed p\u0159ev\u00e1\u017en\u011b ve druh\u00e9 polovin\u011b 19. stolet\u00ed. Mnoho lid\u00ed p\u0159i\u0161lo do Nov\u00e9ho sv\u011bta tak\u00e9 z&nbsp;na\u0161eho kraje, o \u010dem\u017e jsou dochovan\u00e9 z\u00e1znamy ve vstupn\u00edch knih\u00e1ch. Jejich potomci se dlouhodob\u011b sna\u017e\u00ed udr\u017eovat \u010deskou kulturu p\u0159i \u017eivot\u011b, a proto jsem r\u00e1d, \u017ee se n\u00e1m ji\u017e dvakr\u00e1t poda\u0159ilo zajistit student\u016fm na\u0161\u00ed konzervato\u0159e \u00fa\u010dast na presti\u017en\u00edm polkov\u00e9m festivalu ve m\u011bst\u011b Ennis nedaleko Dallasu. Nyn\u00ed jsme se domluvili s&nbsp;organiz\u00e1tory festivalu, \u017ee jednu m\u00edstn\u00edch \u00fasp\u011b\u0161n\u00fdch kapel pozveme do na\u0161eho kraje a uspo\u0159\u00e1d\u00e1me pro n\u011b n\u011bkolik koncert\u016f,\u201c vysv\u011btlil vznik my\u0161lenky hejtman Martin Netolick\u00fd.<\/p>\n\n\n\n<p>Czech and Then Some se spole\u010dn\u011b se studenty Konzervato\u0159e Pardubice a jejich uskupen\u00edm Pardubick\u00e1 muzika p\u0159edstav\u00ed na \u010dty\u0159ech koncertech. Prvn\u00ed se uskute\u010dn\u00ed ve \u010dtvrtek 14. z\u00e1\u0159\u00ed od 18:30 v&nbsp;Parku U T\u0159\u00ed p\u00e1v\u016f v&nbsp;Kutn\u00e9 Ho\u0159e. Dal\u0161\u00ed vystoupen\u00ed je napl\u00e1nov\u00e1no na p\u00e1tek 15. z\u00e1\u0159\u00ed v&nbsp;Are\u00e1lu zdrav\u00ed a sportu v&nbsp;Doln\u00ed \u010cermn\u00e9. \u201ePr\u00e1v\u011b oblast Lan\u0161krounska pat\u0159ila mezi regiony, ze kter\u00fdch do USA odch\u00e1zelo velk\u00e9 mno\u017estv\u00ed lid\u00ed, a to i p\u0159\u00edmo z&nbsp;Doln\u00ed \u010cermn\u00e9, a proto jsme se rozhodli jeden z&nbsp;koncert\u016f uspo\u0159\u00e1dat pr\u00e1v\u011b zde. V&nbsp;r\u00e1mci kulturn\u00edho ve\u010dera, kter\u00fd za\u010d\u00edn\u00e1 v&nbsp;17:30, vystoup\u00ed tak\u00e9 Folklorn\u00ed soubor Jit\u0159enka Doln\u00ed \u010cermn\u00e1 a m\u00edstn\u00ed kapela Ev\u017ea band,\u201c up\u0159esnil hejtman Martin Netolick\u00fd.<\/p>\n\n\n\n<p>O den pozd\u011bji se ob\u011b hudebn\u00ed t\u011blesa z\u00fa\u010dastn\u00ed festivalu k&nbsp;p\u0159\u00edle\u017eitosti 29. ro\u010dn\u00edk ud\u00edlen\u00ed cen Franti\u0161ka Filipovsk\u00e9ho za dabing v&nbsp;P\u0159elou\u010di. Czech and Then Some vystoup\u00ed v&nbsp;15:15 a Pardubick\u00e1 muzika v&nbsp;16:45. Krom\u011b nich se v&nbsp;r\u00e1mci akce p\u0159edstav\u00ed tak\u00e9 Monika Absolonov\u00e1 nebo Banjo band Ivana Ml\u00e1dka. Z\u00e1v\u011bre\u010dn\u00fd koncert je v&nbsp;pl\u00e1nu v&nbsp;ned\u011bli 17. z\u00e1\u0159\u00ed od 17:30 v&nbsp;Sukov\u011b s\u00edni Domu hudby v&nbsp;Pardubic\u00edch. Vstupn\u00e9 na v\u0161echny koncerty je zdarma.<\/p>\n\n\n\n<p>Kapela Czech and Then Some vznikla ji\u017e v&nbsp;roce 1997. V\u011bt\u0161ina \u010dlen\u016f kapely jsou potomci \u010desk\u00fdch p\u0159ist\u011bhovalc\u016f do Spojen\u00fdch st\u00e1t\u016f americk\u00fdch prim\u00e1rn\u011b ve druh\u00e9 polovin\u011b 19. stolet\u00ed. Tak\u00e9 prost\u0159ednictv\u00edm hudby se sna\u017e\u00ed udr\u017eovat \u010desk\u00e9 tradice v&nbsp;Texasu. Kapela vystupuje na cel\u00e9 \u0159ad\u011b velk\u00fdch festival\u016f, mezi kter\u00e9 pat\u0159\u00ed National Polka Festival v&nbsp;Ennis \u010di Westfest ve m\u011bst\u011b West. Kapela spolupracuje tak\u00e9 s&nbsp;Velvyslanectv\u00edm \u010cesk\u00e9 republiky ve Washingtonu, kde opakovan\u011b vystupovala.<\/p>\n","protected":false},"excerpt":{"rendered":"<p>Dobr\u00fd den, dovoluji si V\u00e1m zaslat tiskovou zpr\u00e1vu a plak\u00e1t ke koncertu americk\u00e9 kapely Czech and Then Some a Pardubick\u00e9 muziky v\u00a0Kutn\u00e9 Ho\u0159e dne 14. z\u00e1\u0159\u00ed 2023. https:\/\/www.pardubickykraj.cz\/aktuality\/121471\/zpatky-ke-korenum-v-kraji-zahraji-potomci-ceskych-emigrantu-z-americkeho-texasu?pg=2 Budu velmi r\u00e1d za roz\u0161\u00ed\u0159en\u00ed t\u00e9to informace. S pozdravem Mgr. Dominik Bart\u00e1k <a class=\"more-link\" href=\"https:\/\/www.klubduchodcukh.cz\/?p=7698\">Cel\u00fd \u010dl\u00e1nek  <span class=\"screen-reader-text\">  Pozv\u00e1nka na koncert americk\u00e9 kapely Czech and Then Some a Pardubick\u00e9 muziky v\u00a0Kutn\u00e9 Ho\u0159e dne 14. z\u00e1\u0159\u00ed 2023<\/span><span class=\"meta-nav\">&rarr;<\/span><\/a><\/p>\n","protected":false},"author":1,"featured_media":0,"comment_status":"closed","ping_status":"open","sticky":false,"template":"","format":"standard","meta":{"footnotes":""},"categories":[21],"tags":[],"class_list":["post-7698","post","type-post","status-publish","format-standard","hentry","category-pozvanky"],"_links":{"self":[{"href":"https:\/\/www.klubduchodcukh.cz\/index.php?rest_route=\/wp\/v2\/posts\/7698","targetHints":{"allow":["GET"]}}],"collection":[{"href":"https:\/\/www.klubduchodcukh.cz\/index.php?rest_route=\/wp\/v2\/posts"}],"about":[{"href":"https:\/\/www.klubduchodcukh.cz\/index.php?rest_route=\/wp\/v2\/types\/post"}],"author":[{"embeddable":true,"href":"https:\/\/www.klubduchodcukh.cz\/index.php?rest_route=\/wp\/v2\/users\/1"}],"replies":[{"embeddable":true,"href":"https:\/\/www.klubduchodcukh.cz\/index.php?rest_route=%2Fwp%2Fv2%2Fcomments&post=7698"}],"version-history":[{"count":1,"href":"https:\/\/www.klubduchodcukh.cz\/index.php?rest_route=\/wp\/v2\/posts\/7698\/revisions"}],"predecessor-version":[{"id":7700,"href":"https:\/\/www.klubduchodcukh.cz\/index.php?rest_route=\/wp\/v2\/posts\/7698\/revisions\/7700"}],"wp:attachment":[{"href":"https:\/\/www.klubduchodcukh.cz\/index.php?rest_route=%2Fwp%2Fv2%2Fmedia&parent=7698"}],"wp:term":[{"taxonomy":"category","embeddable":true,"href":"https:\/\/www.klubduchodcukh.cz\/index.php?rest_route=%2Fwp%2Fv2%2Fcategories&post=7698"},{"taxonomy":"post_tag","embeddable":true,"href":"https:\/\/www.klubduchodcukh.cz\/index.php?rest_route=%2Fwp%2Fv2%2Ftags&post=7698"}],"curies":[{"name":"wp","href":"https:\/\/api.w.org\/{rel}","templated":true}]}}