{"id":7308,"date":"2023-01-16T11:18:09","date_gmt":"2023-01-16T10:18:09","guid":{"rendered":"http:\/\/www.klubduchodcukh.cz\/?p=7308"},"modified":"2023-01-16T11:18:11","modified_gmt":"2023-01-16T10:18:11","slug":"pozvanka-gask","status":"publish","type":"post","link":"https:\/\/www.klubduchodcukh.cz\/?p=7308","title":{"rendered":"Pozv\u00e1nka GASK"},"content":{"rendered":"\n<p>Mil\u00ed p\u0159\u00e1tel\u00e9 GASK,<\/p>\n\n\n\n<p>nov\u00fd rok je tady a s jeho p\u0159\u00edchodem i v\u00fdstavn\u00ed program na\u0161\u00ed galerie, kter\u00fd je i tentokr\u00e1t pestr\u00fd, tak\u017ee je rozhodn\u011b na co se t\u011b\u0161it. Co n\u00e1s v roce 2023 \u010dek\u00e1?<\/p>\n\n\n\n<p>GASK p\u0159edstav\u00ed d\u00edla \u010dty\u0159 v\u00fdznamn\u00fdch osobnost\u00ed \u010desk\u00e9 um\u011bleck\u00e9 sc\u00e9ny 20. a 21. stolet\u00ed. 1. dubna otev\u0159e GASK novou sezonu v\u00fdstavou ostravsk\u00e9ho um\u011blce Ji\u0159\u00edho Sur\u016fvky s n\u00e1zvem Str\u016fjci v\u00e1lky. N\u00e1sledovat bude v\u00fdstava v \u010desko-polsk\u00e9 spolupr\u00e1ci Necenzurov\u00e1no, kter\u00e1 prezentuje polsk\u00e9 nez\u00e1visl\u00e9 um\u011bn\u00ed 80. let 20. stolet\u00ed. V druh\u00e9 \u010d\u00e1sti roku p\u0159edstav\u00ed GASK m\u00e9n\u011b zn\u00e1mou \u010d\u00e1st d\u00edla Franti\u0161ka Kupky \u2013 ve v\u00fdstav\u011b Knihomol. Konec roku uzav\u0159e expozice s n\u00e1zvem Stanislav Podhr\u00e1zsk\u00fd a p\u0159\u00e1tel\u00e9, uspo\u0159\u00e1dan\u00e1 k odlo\u017een\u00e9mu st\u00e9mu v\u00fdro\u010d\u00ed jeho narozen\u00ed. T\u011b\u0161it se m\u016f\u017eete tak\u00e9 na dal\u0161\u00ed akt\u00e9ry \u010desk\u00e9 um\u011bleck\u00e9 sc\u00e9ny nebo 5. ro\u010dn\u00edk festivalu A Day of Sound. GASK z\u00e1rove\u0148 ve spolupr\u00e1ci s \u0158\u00edmskokatolickou farnost\u00ed Kutn\u00e1 Hora \u2013 Sedlec spolupo\u0159\u00e1d\u00e1 projekt Santini. V dramaturgii GASK nebudou chyb\u011bt ani ka\u017edoro\u010dn\u00ed design markety JARO-DESIGN-GASK dne 22. dubna 2023 a ADVENT-DESIGN-GASK dne 3. prosince 2023.<\/p>\n\n\n\n<figure class=\"wp-block-image size-full\"><a href=\"https:\/\/www.klubduchodcukh.cz\/wp-content\/uploads\/2023\/01\/image-2.png\"><img loading=\"lazy\" decoding=\"async\" width=\"945\" height=\"653\" src=\"https:\/\/www.klubduchodcukh.cz\/wp-content\/uploads\/2023\/01\/image-2.png\" alt=\"\" class=\"wp-image-7310\" srcset=\"https:\/\/www.klubduchodcukh.cz\/wp-content\/uploads\/2023\/01\/image-2.png 945w, https:\/\/www.klubduchodcukh.cz\/wp-content\/uploads\/2023\/01\/image-2-300x207.png 300w, https:\/\/www.klubduchodcukh.cz\/wp-content\/uploads\/2023\/01\/image-2-768x531.png 768w\" sizes=\"auto, (max-width: 945px) 100vw, 945px\" \/><\/a><\/figure>\n\n\n\n<p><a href=\"https:\/\/gask.cz\/2023\/01\/co-ceka-gask-v-roce-2023\/\">https:\/\/gask.cz\/2023\/01\/co-ceka-gask-v-roce-2023\/<\/a><\/p>\n\n\n\n<p>Nov\u00fd rok zahajujeme tak\u00e9 prodlou\u017een\u00edm otv\u00edrac\u00ed doby zahrad. Ty jsou nov\u011b otev\u0159eny v \u010dase od 7:00 do 21:00. V\u011b\u0159\u00edme, \u017ee t\u00edm vych\u00e1z\u00edme vst\u0159\u00edc nejen t\u011bm, co si cht\u011bj\u00ed u\u017e\u00edt pobyt v zahrad\u00e1ch na\u0161\u00ed galerie del\u0161\u00ed dobu, ale tak\u00e9 t\u011bm, kter\u00fdm tento krok zjednodu\u0161\u00ed rann\u00ed cestu do pr\u00e1ce nebo do \u0161koly.<\/p>\n\n\n\n<figure class=\"wp-block-image size-full\"><a href=\"https:\/\/www.klubduchodcukh.cz\/wp-content\/uploads\/2023\/01\/image-3.png\"><img loading=\"lazy\" decoding=\"async\" width=\"945\" height=\"630\" src=\"https:\/\/www.klubduchodcukh.cz\/wp-content\/uploads\/2023\/01\/image-3.png\" alt=\"\" class=\"wp-image-7311\" srcset=\"https:\/\/www.klubduchodcukh.cz\/wp-content\/uploads\/2023\/01\/image-3.png 945w, https:\/\/www.klubduchodcukh.cz\/wp-content\/uploads\/2023\/01\/image-3-300x200.png 300w, https:\/\/www.klubduchodcukh.cz\/wp-content\/uploads\/2023\/01\/image-3-768x512.png 768w\" sizes=\"auto, (max-width: 945px) 100vw, 945px\" \/><\/a><\/figure>\n\n\n\n<p>Zaj\u00edmav\u00fd doprovodn\u00fd program je p\u0159ipraven ji\u017e na leden.<\/p>\n\n\n\n<ul class=\"wp-block-list\">\n<li>V sobotu 14. 1. m\u016f\u017eete nav\u0161t\u00edvit komentovanou prohl\u00eddku instalace Sb\u011bratel Roberta V. Nov\u00e1ka (od 14:30).<\/li>\n\n\n\n<li>Pro rodiny s d\u011btmi si na\u0161e Lektorsk\u00e9 centrum p\u0159ipravilo v\u00fdtvarnou d\u00edlnu s n\u00e1zvem TAK TROCHU JIN\u00c1 KRAJINA, kter\u00e1 se poj\u00ed ke st\u00e1l\u00e9 expozici GASK a d\u00edlu Karla Malicha, a to na st\u0159edu 18. 1. od 10:30.<\/li>\n\n\n\n<li>O t\u00fdden pozd\u011bji, ve st\u0159edu 25. 1. od 15:00, se m\u016f\u017eete t\u011b\u0161it na vernis\u00e1\u017e v\u00fdstavy d\u011bl d\u011bt\u00ed z ne\/krou\u017eku.<\/li>\n<\/ul>\n\n\n\n<figure class=\"wp-block-image size-full\"><a href=\"https:\/\/www.klubduchodcukh.cz\/wp-content\/uploads\/2023\/01\/image-4.png\"><img loading=\"lazy\" decoding=\"async\" width=\"945\" height=\"630\" src=\"https:\/\/www.klubduchodcukh.cz\/wp-content\/uploads\/2023\/01\/image-4.png\" alt=\"\" class=\"wp-image-7312\" srcset=\"https:\/\/www.klubduchodcukh.cz\/wp-content\/uploads\/2023\/01\/image-4.png 945w, https:\/\/www.klubduchodcukh.cz\/wp-content\/uploads\/2023\/01\/image-4-300x200.png 300w, https:\/\/www.klubduchodcukh.cz\/wp-content\/uploads\/2023\/01\/image-4-768x512.png 768w\" sizes=\"auto, (max-width: 945px) 100vw, 945px\" \/><\/a><\/figure>\n\n\n\n<p>Srde\u010dn\u011b V\u00e1s zveme tak\u00e9 na k\u0159est katalogu k v\u00fdstav\u011b sester V\u00e1lov\u00fdch Cesta p\u0159edur\u010dena osudem a doprovodn\u00fd program v sobotu 28. 1.! Sou\u010d\u00e1st\u00ed programu bude:<\/p>\n\n\n\n<p>15.00 Komentovan\u00e1 prohl\u00eddka v\u00fdstavy \u0160\u00e1rky Tr\u010dkov\u00e9 Tajnosti s kur\u00e1torkou Vandou Sk\u00e1lovou<\/p>\n\n\n\n<p>16.00 Komentovan\u00e1 prohl\u00eddka v\u00fdstavy Libora L\u00edpy Oby\u010dejn\u00e9 v\u011bci s kur\u00e1torkou Veronikou Mare\u0161ovou<\/p>\n\n\n\n<p>16.30 Komentovan\u00e1 prohl\u00eddka v\u00fdstavy Cesta p\u0159edur\u010dena osudem \u2013 Kv\u011bta a Jitka V\u00e1lovy s kur\u00e1torem Richardem Drurym (kapacita na tuto akci je ji\u017e napln\u011bna)<\/p>\n\n\n\n<p>18.00 K\u0159est katalogu k v\u00fdstav\u011b Cesta p\u0159edur\u010dena osudem \u2013 Kv\u011bta a Jitka V\u00e1lovy a uveden\u00ed knihy Marcely Pech\u00e1\u010dkov\u00e9 Jitka V\u00e1lov\u00e1: \u201eByly jsme dv\u011b mal\u00fd hovna ve vysok\u00fd tr\u00e1v\u011b.\u201c<\/p>\n\n\n\n<p>Podrobnosti o v\u0161ech akc\u00edch najdete https:\/\/gask.cz\/vsechny-akce\/.<\/p>\n\n\n\n<figure class=\"wp-block-image size-full is-resized\"><a href=\"https:\/\/www.klubduchodcukh.cz\/wp-content\/uploads\/2023\/01\/image-5.png\"><img loading=\"lazy\" decoding=\"async\" src=\"https:\/\/www.klubduchodcukh.cz\/wp-content\/uploads\/2023\/01\/image-5.png\" alt=\"\" class=\"wp-image-7313\" width=\"561\" height=\"374\" srcset=\"https:\/\/www.klubduchodcukh.cz\/wp-content\/uploads\/2023\/01\/image-5.png 945w, https:\/\/www.klubduchodcukh.cz\/wp-content\/uploads\/2023\/01\/image-5-300x200.png 300w, https:\/\/www.klubduchodcukh.cz\/wp-content\/uploads\/2023\/01\/image-5-768x512.png 768w\" sizes=\"auto, (max-width: 561px) 100vw, 561px\" \/><\/a><\/figure>\n\n\n\n<p>V neposledn\u00ed \u0159ad\u011b bychom V\u00e1s r\u00e1di pozvali na v\u00fdstavu Evropa multimedi\u00e1ln\u00edho um\u011blce a dlouholet\u00e9ho pedagoga Svatopluka Klime\u0161e do Dus\u00edkova divadla v \u010c\u00e1slavi, kter\u00e1 bude slavnostn\u011b zah\u00e1jena v p\u00e1tek 13. 1. od 18:00. V\u00fdstava se tentokr\u00e1t vztahuje k m\u00edstu, jeho\u017e srdcem se c\u00edt\u00edme b\u00fdt. Hlavn\u00ed a jedine\u010dn\u00fd autor\u016fv v\u00fdrazov\u00fd prost\u0159edek, ohe\u0148, m\u011bn\u00ed strukturu a zanech\u00e1v\u00e1 stopu v m\u011bn\u00edc\u00edm se procesu transformace. V obrazech vytvo\u0159en\u00fdch popelem a propalov\u00e1n\u00edm je vyj\u00e1d\u0159en um\u011blc\u016fv z\u00e1jem o osud lidstva, stopy jeho minulosti, ale i o p\u0159\u00edtomn\u00fd okam\u017eik a o\u010dek\u00e1v\u00e1n\u00ed budoucnosti.<\/p>\n\n\n\n<figure class=\"wp-block-image size-large\"><a href=\"https:\/\/www.klubduchodcukh.cz\/wp-content\/uploads\/2023\/01\/image-6.png\"><img loading=\"lazy\" decoding=\"async\" width=\"911\" height=\"1024\" src=\"https:\/\/www.klubduchodcukh.cz\/wp-content\/uploads\/2023\/01\/image-6-911x1024.png\" alt=\"\" class=\"wp-image-7314\" srcset=\"https:\/\/www.klubduchodcukh.cz\/wp-content\/uploads\/2023\/01\/image-6-911x1024.png 911w, https:\/\/www.klubduchodcukh.cz\/wp-content\/uploads\/2023\/01\/image-6-267x300.png 267w, https:\/\/www.klubduchodcukh.cz\/wp-content\/uploads\/2023\/01\/image-6-768x863.png 768w, https:\/\/www.klubduchodcukh.cz\/wp-content\/uploads\/2023\/01\/image-6.png 945w\" sizes=\"auto, (max-width: 911px) 100vw, 911px\" \/><\/a><\/figure>\n\n\n\n<p>Nechte se (s)v\u00e9st um\u011bn\u00edm a u\u017eijte si kr\u00e1sn\u00fd leden!<\/p>\n\n\n\n<p>T\u00fdm GASK<\/p>\n\n\n\n<p>GALERIE ST\u0158EDO\u010cESK\u00c9HO KRAJE&nbsp; (GASK) V KUTN\u00c9 HO\u0158E<\/p>\n\n\n\n<p>Barborsk\u00e1 51-53, 284 01 Kutn\u00e1 Hora<\/p>\n\n\n\n<p>www.gask.cz<\/p>\n\n\n\n<p>otev\u0159eno: \u00fater\u00fd &#8211; ned\u011ble: 10 &#8211; 18 hodin<\/p>\n","protected":false},"excerpt":{"rendered":"<p>Mil\u00ed p\u0159\u00e1tel\u00e9 GASK, nov\u00fd rok je tady a s jeho p\u0159\u00edchodem i v\u00fdstavn\u00ed program na\u0161\u00ed galerie, kter\u00fd je i tentokr\u00e1t pestr\u00fd, tak\u017ee je rozhodn\u011b na co se t\u011b\u0161it. Co n\u00e1s v roce 2023 \u010dek\u00e1? GASK p\u0159edstav\u00ed d\u00edla \u010dty\u0159 v\u00fdznamn\u00fdch osobnost\u00ed <a class=\"more-link\" href=\"https:\/\/www.klubduchodcukh.cz\/?p=7308\">Cel\u00fd \u010dl\u00e1nek  <span class=\"screen-reader-text\">  Pozv\u00e1nka GASK<\/span><span class=\"meta-nav\">&rarr;<\/span><\/a><\/p>\n","protected":false},"author":1,"featured_media":0,"comment_status":"open","ping_status":"open","sticky":false,"template":"","format":"standard","meta":{"footnotes":""},"categories":[21],"tags":[],"class_list":["post-7308","post","type-post","status-publish","format-standard","hentry","category-pozvanky"],"_links":{"self":[{"href":"https:\/\/www.klubduchodcukh.cz\/index.php?rest_route=\/wp\/v2\/posts\/7308","targetHints":{"allow":["GET"]}}],"collection":[{"href":"https:\/\/www.klubduchodcukh.cz\/index.php?rest_route=\/wp\/v2\/posts"}],"about":[{"href":"https:\/\/www.klubduchodcukh.cz\/index.php?rest_route=\/wp\/v2\/types\/post"}],"author":[{"embeddable":true,"href":"https:\/\/www.klubduchodcukh.cz\/index.php?rest_route=\/wp\/v2\/users\/1"}],"replies":[{"embeddable":true,"href":"https:\/\/www.klubduchodcukh.cz\/index.php?rest_route=%2Fwp%2Fv2%2Fcomments&post=7308"}],"version-history":[{"count":1,"href":"https:\/\/www.klubduchodcukh.cz\/index.php?rest_route=\/wp\/v2\/posts\/7308\/revisions"}],"predecessor-version":[{"id":7315,"href":"https:\/\/www.klubduchodcukh.cz\/index.php?rest_route=\/wp\/v2\/posts\/7308\/revisions\/7315"}],"wp:attachment":[{"href":"https:\/\/www.klubduchodcukh.cz\/index.php?rest_route=%2Fwp%2Fv2%2Fmedia&parent=7308"}],"wp:term":[{"taxonomy":"category","embeddable":true,"href":"https:\/\/www.klubduchodcukh.cz\/index.php?rest_route=%2Fwp%2Fv2%2Fcategories&post=7308"},{"taxonomy":"post_tag","embeddable":true,"href":"https:\/\/www.klubduchodcukh.cz\/index.php?rest_route=%2Fwp%2Fv2%2Ftags&post=7308"}],"curies":[{"name":"wp","href":"https:\/\/api.w.org\/{rel}","templated":true}]}}